{"id":173,"date":"2021-11-11T14:10:07","date_gmt":"2021-11-11T14:10:07","guid":{"rendered":"https:\/\/friedenskreis.de\/?p=173"},"modified":"2021-11-11T14:11:38","modified_gmt":"2021-11-11T14:11:38","slug":"gedenken-zum-9-november","status":"publish","type":"post","link":"https:\/\/friedenskreis.de\/?p=173","title":{"rendered":"Gedenken zum 9. November"},"content":{"rendered":"\n<p><\/p>\n\n\n\n<p>Anne-Frank-Gesamtschule (AFG) Havixbeck -Billerbeck<\/p>\n\n\n\n<p><strong>\u201eSch\u00f6n, dass hier alle zusammenstehen\u201c<\/strong><\/p>\n\n\n\n<p>Gedenken an die Reichsprognomnacht: Friedenskreis und Anne-Frank-Gesamtschule setzen ein Zeichen f\u00fcr Toleranz<\/p>\n\n\n\n<div class=\"wp-block-image\"><figure class=\"alignright size-medium is-resized\"><a href=\"https:\/\/friedenskreis.de\/wp-content\/uploads\/2021\/11\/Gedenken-Prognom_21-scaled.jpg\"><img loading=\"lazy\" src=\"https:\/\/friedenskreis.de\/wp-content\/uploads\/2021\/11\/Gedenken-Prognom_21-300x172.jpg\" alt=\"\" class=\"wp-image-174\" width=\"300\" height=\"172\" srcset=\"https:\/\/friedenskreis.de\/wp-content\/uploads\/2021\/11\/Gedenken-Prognom_21-300x172.jpg 300w, https:\/\/friedenskreis.de\/wp-content\/uploads\/2021\/11\/Gedenken-Prognom_21-1024x587.jpg 1024w, https:\/\/friedenskreis.de\/wp-content\/uploads\/2021\/11\/Gedenken-Prognom_21-768x440.jpg 768w, https:\/\/friedenskreis.de\/wp-content\/uploads\/2021\/11\/Gedenken-Prognom_21-1536x881.jpg 1536w, https:\/\/friedenskreis.de\/wp-content\/uploads\/2021\/11\/Gedenken-Prognom_21-2048x1175.jpg 2048w\" sizes=\"(max-width: 300px) 100vw, 300px\" \/><\/a><\/figure><\/div>\n\n\n\n<p>\u201eDem Vergessen entrei\u00dfen\u201c, steht auf der kleinen, schwarzen Steele an der Havixbecker Hauptstra\u00dfe 73. Die mit drei roten Rosen geschm\u00fcckte Gedenkst\u00e4tte erinnert an die Judenverfolgung der Nationalsozialisten, die in der Prognomnacht vor 83 Jahren einen dramatischen Anfang nahm und mit dem Holocaust endete. Der Friedenskreis unter der Leitung von Dr. Christa Degemann hat gemeinsam mit Vertreter*innen der Anne-Frank-Gesamtschule (AFG) erneut an das Schicksal der rund sechs Millionen ermordeten Juden erinnert, darunter auch die vierj\u00e4hrige Yvonne Gerson. Das kleine M\u00e4dchen, deren Vater Fritz am 9. November 1938 die Zerst\u00f6rung seines Hauses in Havixbeck erleben musste, wuchs in Einsamkeit auf. Als J\u00fcdin durfte sie &#8211; so ist es auf der Internetseite\u00a0 des Friedenskreises zu lesen &#8211; nicht mit anderen Kindern spielen. Mit vier Jahren wurde die Kleine nach Theresienstadt deportiert, nur zwei Jahre sp\u00e4ter starb das Kind in den Gaskammern von Auschwitz.<\/p>\n\n\n\n<p>\u201eAuch heute sind wir l\u00e4ngst noch nicht frei von Rassismus und Antisemitismus\u201c, mahnte Svenja Halsband,&nbsp; Sch\u00fclersprecherin der AFG, die stellvertretend f\u00fcr die Sch\u00fclerinnen und Sch\u00fcler an die dunkle Zeit des Nationalsozialismus erinnerte. \u201eDamit so etwas nie wieder passiert\u201c putze die Sch\u00fclervertretung (SV) regelm\u00e4\u00dfig die Stolpersteine in Havixbeck und Billerbeck, darunter auch die der Familie Gerson. \u201eSinn ist, dar\u00fcber zu stolpern, um darauf aufmerksam zu werden.\u201c<\/p>\n\n\n\n<p>Dr. Christa Degemann betonte, wie froh und dankbar sie sei, \u201edass wir hier generationen\u00fcbergreifend zusammenstehen\u201c.&nbsp; Die Sch\u00fclerinnen und Sch\u00fcler tr\u00fcgen das Verm\u00e4chtnis von Anne Frank weiter, denn, und hier zitiert die ehemalige Gesamtschullehrerin der AFG den Schriftsteller Heinrich B\u00f6ll: \u201e Es gibt nichts, was uns nichts angeht.\u201c<\/p>\n\n\n\n<p>Stephan Humpohl, didaktischer Leiter der AFG, erinnerte daran, dass&nbsp; die AFG durch das Engagement der SV vor etwa drei Jahren zur&nbsp; \u201eSchule ohne Rassismus, Schule mit Courage\u201c wurde. \u201eDass diese Auszeichnung mehr ist als ein Schild an der T\u00fcr zeigt ihr, liebe Sch\u00fclerinnen und Sch\u00fcler, durch diese Gedenkveranstaltung.\u201c Im Namen der Schulleitung dankte Humpohl Sch\u00fcler- und Lehrerschaft wie auch dem Friedenskreis, darunter sein&nbsp; ehemalige Kollege Robert H\u00fclsbusch, der Pate f\u00fcr diese Auszeichnung geworden ist. \u201eDamit setzt ihr ein starkes Zeichen f\u00fcr eine offene und tolerante Gesellschaft.\u201c<\/p>\n\n\n\n<p>B.U.:\u00a0 Musikalisch begleitet von 6.-Kl\u00e4sslerin Anna Zweihaus (5. von rechts) erinnerten Lehrer- und Sch\u00fcler*innen gemeinsam mit dem Friedenskreis zum Jahrestag der Reichsprognomnacht an das Leid der J\u00fcdinnen und Juden in Havixbeck.<\/p>\n\n\n\n<div class=\"wp-block-file\"><object class=\"wp-block-file__embed\" data=\"https:\/\/friedenskreis.de\/wp-content\/uploads\/2021\/11\/9-Nov-Gedenken-AFG-FK-WN_2021-11-11_18.pdf\" type=\"application\/pdf\" style=\"width:100%;height:600px\" aria-label=\"Einbettung von 9-Nov-Gedenken-AFG-FK-WN_2021-11-11_18.\"><\/object><a href=\"https:\/\/friedenskreis.de\/wp-content\/uploads\/2021\/11\/9-Nov-Gedenken-AFG-FK-WN_2021-11-11_18.pdf\">9-Nov-Gedenken-AFG-FK-WN_2021-11-11_18<\/a><a href=\"https:\/\/friedenskreis.de\/wp-content\/uploads\/2021\/11\/9-Nov-Gedenken-AFG-FK-WN_2021-11-11_18.pdf\" class=\"wp-block-file__button\" download>Herunterladen<\/a><\/div>\n\n\n\n<p><\/p>\n\n\n\n<p><\/p>\n","protected":false},"excerpt":{"rendered":"<p>Anne-Frank-Gesamtschule (AFG) Havixbeck -Billerbeck \u201eSch\u00f6n, dass hier alle zusammenstehen\u201c Gedenken an die Reichsprognomnacht: Friedenskreis und Anne-Frank-Gesamtschule setzen ein Zeichen f\u00fcr Toleranz \u201eDem Vergessen entrei\u00dfen\u201c, steht auf der kleinen, schwarzen Steele an der Havixbecker Hauptstra\u00dfe 73. Die mit drei roten Rosen geschm\u00fcckte Gedenkst\u00e4tte erinnert an die Judenverfolgung der Nationalsozialisten, die in der Prognomnacht vor 83 Jahren &hellip; <\/p>\n<p class=\"link-more\"><a href=\"https:\/\/friedenskreis.de\/?p=173\" class=\"more-link\"><span class=\"screen-reader-text\">\u201eGedenken zum 9. November\u201c<\/span> weiterlesen<\/a><\/p>\n","protected":false},"author":1,"featured_media":174,"comment_status":"open","ping_status":"open","sticky":false,"template":"","format":"standard","meta":[],"categories":[3],"tags":[],"_links":{"self":[{"href":"https:\/\/friedenskreis.de\/index.php?rest_route=\/wp\/v2\/posts\/173"}],"collection":[{"href":"https:\/\/friedenskreis.de\/index.php?rest_route=\/wp\/v2\/posts"}],"about":[{"href":"https:\/\/friedenskreis.de\/index.php?rest_route=\/wp\/v2\/types\/post"}],"author":[{"embeddable":true,"href":"https:\/\/friedenskreis.de\/index.php?rest_route=\/wp\/v2\/users\/1"}],"replies":[{"embeddable":true,"href":"https:\/\/friedenskreis.de\/index.php?rest_route=%2Fwp%2Fv2%2Fcomments&post=173"}],"version-history":[{"count":2,"href":"https:\/\/friedenskreis.de\/index.php?rest_route=\/wp\/v2\/posts\/173\/revisions"}],"predecessor-version":[{"id":178,"href":"https:\/\/friedenskreis.de\/index.php?rest_route=\/wp\/v2\/posts\/173\/revisions\/178"}],"wp:featuredmedia":[{"embeddable":true,"href":"https:\/\/friedenskreis.de\/index.php?rest_route=\/wp\/v2\/media\/174"}],"wp:attachment":[{"href":"https:\/\/friedenskreis.de\/index.php?rest_route=%2Fwp%2Fv2%2Fmedia&parent=173"}],"wp:term":[{"taxonomy":"category","embeddable":true,"href":"https:\/\/friedenskreis.de\/index.php?rest_route=%2Fwp%2Fv2%2Fcategories&post=173"},{"taxonomy":"post_tag","embeddable":true,"href":"https:\/\/friedenskreis.de\/index.php?rest_route=%2Fwp%2Fv2%2Ftags&post=173"}],"curies":[{"name":"wp","href":"https:\/\/api.w.org\/{rel}","templated":true}]}}