{"id":151,"date":"2021-11-06T11:17:27","date_gmt":"2021-11-06T11:17:27","guid":{"rendered":"https:\/\/friedenskreis.de\/?p=151"},"modified":"2021-11-09T20:09:24","modified_gmt":"2021-11-09T20:09:24","slug":"nicht-vergessen","status":"publish","type":"post","link":"https:\/\/friedenskreis.de\/?p=151","title":{"rendered":"Nicht vergessen!"},"content":{"rendered":"\n<p>Anne-Frank-Gesamtschule und Friedenskreis (FK) laden ein.<\/p>\n\n\n\n<p>Dienstag, 9.11.2019, 11.20 Uhr<\/p>\n\n\n\n<p>Stele vor dem Elektrogesch\u00e4ft Philippsk\u00f6tter, Hauptstr. 73<\/p>\n\n\n\n<p>Erinnerung an die Pogromnacht<\/p>\n\n\n\n<p>(((<a href=\"https:\/\/friedenskreis.de\/?page_id=101\"><strong>Flyer \u00fcber die Stolpersteine in Havixbeck<\/strong><\/a>)))<\/p>\n\n\n\n<p>Zu einer Gedenkviertelstunde und zur Erinnerung an die Reichspogromnacht 1938 laden die Anne-Frank-Gesamtschule Havixbeck und der Friedenskreis (FK) alle B\u00fcrgerinnen und B\u00fcrger ein. Das Gedenken findet statt am Dienstag, den 9.11.2021 um 11.20 Uhr (in der gro\u00dfen Schulpause) an der Stele f\u00fcr Yvonne Gerson \u2013 vor dem Gesch\u00e4ft Philippsk\u00f6tter, Hauptstra\u00dfe 73.\u00a0 Dort soll an die Pogromnacht vom 9. November 1938 und an die Havixbecker Opfer der nationalsozialistischen Gewalt erinnert werden.<\/p>\n\n\n\n<p>Die Sch\u00fclersprecherin Svenja Halsband und ihre Stellvertreterin Leah Damberg werden aus Sicht junger Menschen zu den Ereignissen 1938 Stellung nehmen. Andere Sch\u00fclerinnen und Sch\u00fcler werden zusammen mit ihrem Musiklehrer Klemens Wei\u00dfer mit musikalischen Beitr\u00e4gen das kleine Gedenken umrahmen.<\/p>\n\n\n\n<p>\u201eDie Auseinandersetzung mit unserer Geschichte und die Erinnerung an den Nationalsozialismus ist an unserer Schule, die den Namen Anne Franks tr\u00e4gt, eine Selbstverst\u00e4ndlichkeit\u201c, freut sich Schulleiter Dr. Torsten Habbel \u00fcber das Engagement seiner Sch\u00fclerinnen und Sch\u00fcler. Auch deshalb sei die AFG offiziell \u201eSchule ohne Rassismus, Schule mit Courage\u201c. &nbsp;<\/p>\n\n\n\n<p>Die gewaltsamen Ausschreitungen der Nationalsozialisten gegen j\u00fcdische B\u00fcrgerinnen und B\u00fcrger im gesamten Reichsgebiet in der Nacht vom 9. auf den 10. November 1938 markieren den Anfang der Judenverfolgung, die in den Holocaust m\u00fcndete. Menschen wurden ermordet oder in den Suizid getrieben. \u00dcber 1.400 Synagogen, Betstuben und sonstige Versammlungsr\u00e4ume sowie unz\u00e4hlige Gesch\u00e4fte, Wohnungen und j\u00fcdische Friedh\u00f6fe wurden zerst\u00f6rt. Unmittelbar nach diesem Geschehen wurden etwa 30.000 Juden in Konzentrationslagern inhaftiert. Viele von ihnen wurden dort ermordet oder starben an den Haftfolgen. Auch in Havixbeck fand 1938 der Reichspogrom statt.<\/p>\n\n\n\n<p><\/p>\n\n\n\n<p>Foto: Die Sch\u00fclersprecherin Svenja Halsband und ihre Stellvertreterin Leah Damberg erinnern an die Reichpogromnacht 1938, die auch in Havixbeck stattfand.<\/p>\n","protected":false},"excerpt":{"rendered":"<p>Anne-Frank-Gesamtschule und Friedenskreis (FK) laden ein. Dienstag, 9.11.2019, 11.20 Uhr Stele vor dem Elektrogesch\u00e4ft Philippsk\u00f6tter, Hauptstr. 73 Erinnerung an die Pogromnacht (((Flyer \u00fcber die Stolpersteine in Havixbeck))) Zu einer Gedenkviertelstunde und zur Erinnerung an die Reichspogromnacht 1938 laden die Anne-Frank-Gesamtschule Havixbeck und der Friedenskreis (FK) alle B\u00fcrgerinnen und B\u00fcrger ein. Das Gedenken findet statt am &hellip; <\/p>\n<p class=\"link-more\"><a href=\"https:\/\/friedenskreis.de\/?p=151\" class=\"more-link\"><span class=\"screen-reader-text\">\u201eNicht vergessen!\u201c<\/span> weiterlesen<\/a><\/p>\n","protected":false},"author":1,"featured_media":167,"comment_status":"open","ping_status":"open","sticky":false,"template":"","format":"standard","meta":[],"categories":[3],"tags":[],"_links":{"self":[{"href":"https:\/\/friedenskreis.de\/index.php?rest_route=\/wp\/v2\/posts\/151"}],"collection":[{"href":"https:\/\/friedenskreis.de\/index.php?rest_route=\/wp\/v2\/posts"}],"about":[{"href":"https:\/\/friedenskreis.de\/index.php?rest_route=\/wp\/v2\/types\/post"}],"author":[{"embeddable":true,"href":"https:\/\/friedenskreis.de\/index.php?rest_route=\/wp\/v2\/users\/1"}],"replies":[{"embeddable":true,"href":"https:\/\/friedenskreis.de\/index.php?rest_route=%2Fwp%2Fv2%2Fcomments&post=151"}],"version-history":[{"count":4,"href":"https:\/\/friedenskreis.de\/index.php?rest_route=\/wp\/v2\/posts\/151\/revisions"}],"predecessor-version":[{"id":172,"href":"https:\/\/friedenskreis.de\/index.php?rest_route=\/wp\/v2\/posts\/151\/revisions\/172"}],"wp:featuredmedia":[{"embeddable":true,"href":"https:\/\/friedenskreis.de\/index.php?rest_route=\/wp\/v2\/media\/167"}],"wp:attachment":[{"href":"https:\/\/friedenskreis.de\/index.php?rest_route=%2Fwp%2Fv2%2Fmedia&parent=151"}],"wp:term":[{"taxonomy":"category","embeddable":true,"href":"https:\/\/friedenskreis.de\/index.php?rest_route=%2Fwp%2Fv2%2Fcategories&post=151"},{"taxonomy":"post_tag","embeddable":true,"href":"https:\/\/friedenskreis.de\/index.php?rest_route=%2Fwp%2Fv2%2Ftags&post=151"}],"curies":[{"name":"wp","href":"https:\/\/api.w.org\/{rel}","templated":true}]}}